{"id":15614,"date":"2025-02-10T10:49:20","date_gmt":"2025-02-10T08:49:20","guid":{"rendered":"https:\/\/www.labolife.com\/?p=15614"},"modified":"2026-02-03T09:22:50","modified_gmt":"2026-02-03T07:22:50","slug":"la-dra-zemba-desvela-como-cuidar-tu-piel-e-inmunidad-con-microinmunoterapia","status":"publish","type":"post","link":"https:\/\/www.labolife.com\/es\/blog\/la-dra-zemba-desvela-como-cuidar-tu-piel-e-inmunidad-con-microinmunoterapia\/","title":{"rendered":"La Dra. Zemba desvela c\u00f3mo cuidar tu piel e inmunidad con microinmunoterapia"},"content":{"rendered":"\t\t<div data-elementor-type=\"wp-post\" data-elementor-id=\"15614\" class=\"elementor elementor-15614\" data-elementor-post-type=\"post\">\n\t\t\t\t\t\t<section class=\"elementor-section elementor-top-section elementor-element elementor-element-58458cf elementor-section-boxed elementor-section-height-default elementor-section-height-default\" data-id=\"58458cf\" data-element_type=\"section\" data-settings=\"{&quot;jet_parallax_layout_list&quot;:[]}\">\n\t\t\t\t\t\t<div class=\"elementor-container elementor-column-gap-default\">\n\t\t\t\t\t<div class=\"elementor-column elementor-col-100 elementor-top-column elementor-element elementor-element-e25e965\" data-id=\"e25e965\" data-element_type=\"column\">\n\t\t\t<div class=\"elementor-widget-wrap elementor-element-populated\">\n\t\t\t\t\t\t<div class=\"elementor-element elementor-element-61a1956 elementor-widget elementor-widget-text-editor\" data-id=\"61a1956\" data-element_type=\"widget\" data-widget_type=\"text-editor.default\">\n\t\t\t\t<div class=\"elementor-widget-container\">\n\t\t\t\t\t\t\t\t\t<p><span style=\"font-weight: 400;\">Solemos pensar en la piel como una simple barrera f\u00edsica que nos protege del exterior. Pero la realidad va m\u00e1s all\u00e1: <\/span><b>la piel es un ecosistema complejo con un sistema inmunitario propio, el sistema inmunitario cut\u00e1neo<\/b><span style=\"font-weight: 400;\">. Este no solo interact\u00faa con la microbiota, sino tambi\u00e9n con nuestras defensas naturales, por lo que es clave para evitar la entrada o reactivaci\u00f3n de virus como el herpes simple, el <a href=\"https:\/\/www.misistemainmune.es\/enfermedades-sistema-inmunitario\/infecciosas\/puede-tu-sistema-inmunitario-controlar-el-virus-del-papiloma-humano\" target=\"_blank\" rel=\"noopener\">papiloma virus<\/a> o la varicela.<\/span><\/p><p><span style=\"font-weight: 400;\">En el podcast de Farmacia Coliseum, la Dra. Cristina Zemba ha hablado sobre c\u00f3mo el cuidado de la piel no puede desligarse del <\/span><b>equilibrio inmunitario<\/b><span style=\"font-weight: 400;\">. A menudo nos centramos en los s\u00edntomas visibles\u2014sequedad, irritaci\u00f3n, infecciones recurrentes\u2014sin prestar atenci\u00f3n a lo que sucede en nuestro interior. Una piel seca permite tanto la entrada de pat\u00f3genos como la salida de agua, por lo que mantener niveles adecuados de hidrataci\u00f3n y de \u00e1cidos grasos (ceramidas, colesterol\u2026) es esencial para que las c\u00e9lulas de la piel funcionen correctamente y nos protejan.<\/span><\/p><p><span style=\"font-weight: 400;\">Sin embargo, <\/span><b>fortalecer el conjunto del sistema inmunitario puede marcar la diferencia en la salud cut\u00e1nea a largo plazo<\/b><span style=\"font-weight: 400;\">. Tal y como se comenta durante la entrevista, existe un <\/span><b>eje intestino-piel-cerebro<\/b><span style=\"font-weight: 400;\"> en el cual todo se relaciona entre s\u00ed, se mandan se\u00f1ales de una parte a otra. Lo que pueda estar pasando en el cerebro, puede afectar a la piel o intestino, y viceversa. Tanto es as\u00ed que factores como el estr\u00e9s, la alimentaci\u00f3n, el ejercicio f\u00edsico y el descanso pueden afectar al equilibrio del sistema inmunitario y, por ende, a la piel. Una dieta inadecuada o el estr\u00e9s prolongado pueden alterar la microbiota intestinal, lo que a su vez puede manifestarse en problemas cut\u00e1neos como dermatitis o acn\u00e9.<\/span><\/p><p><span style=\"font-weight: 400;\">Optar por terapias como la <a href=\"https:\/\/www.labolife.com\/es\/microinmunoterapia\/\" target=\"_blank\" rel=\"noopener\">microinmunoterapia<\/a> puede influir positivamente tanto en el bienestar general como en la salud de la piel. Lo que busca la microinmunoterapia, explica la doctora, es <\/span><b>modular las reacciones inmunitarias<\/b><span style=\"font-weight: 400;\"> para que el sistema inmunitario pueda tener bajo control a los <a href=\"https:\/\/www.misistemainmune.es\/microinmunoterapia\/sistema-inmune\/la-micro-inmunoterapia-y-los-virus\" target=\"_blank\" rel=\"noopener\">virus<\/a> y que no se reactiven tan f\u00e1cilmente. Lo hace a trav\u00e9s de sustancias propias de nuestro cuerpo y en <\/span><b>dosis bajas y muy bajas<\/b><span style=\"font-weight: 400;\">, explicando as\u00ed la <\/span><b>buena tolerabilidad de los <a href=\"https:\/\/www.labolife.com\/es\/nuestros-tratamientos\/\" target=\"_blank\" rel=\"noopener\">tratamientos<\/a><\/b><span style=\"font-weight: 400;\">. Adem\u00e1s, puede usarse <\/span><b>tanto en el tratamiento como en la prevenci\u00f3n<\/b><span style=\"font-weight: 400;\">.<\/span><\/p><p><span style=\"font-weight: 400;\">Con un enfoque integral que combina el cuidado de la barrera cut\u00e1nea, el equilibrio de la microbiota y la regulaci\u00f3n inmunitaria, es posible optimizar la salud de la piel y reforzar las defensas del organismo.<\/span><\/p><p><span style=\"font-weight: 400;\"><strong>Ver la entrevista completa<\/strong> \u2b07\ufe0f<\/span><\/p>\t\t\t\t\t\t\t\t<\/div>\n\t\t\t\t<\/div>\n\t\t\t\t<div class=\"elementor-element elementor-element-5a93de7 elementor-widget__width-initial elementor-widget elementor-widget-video\" data-id=\"5a93de7\" data-element_type=\"widget\" data-settings=\"{&quot;youtube_url&quot;:&quot;https:\\\/\\\/www.youtube.com\\\/watch?v=LXPAaNCji2o&quot;,&quot;video_type&quot;:&quot;youtube&quot;,&quot;controls&quot;:&quot;yes&quot;}\" data-widget_type=\"video.default\">\n\t\t\t\t<div class=\"elementor-widget-container\">\n\t\t\t\t\t\t\t<div class=\"elementor-wrapper elementor-open-inline\">\n\t\t\t<div class=\"elementor-video\"><\/div>\t\t<\/div>\n\t\t\t\t\t\t<\/div>\n\t\t\t\t<\/div>\n\t\t\t\t\t<\/div>\n\t\t<\/div>\n\t\t\t\t\t<\/div>\n\t\t<\/section>\n\t\t\t\t<\/div>\n\t\t","protected":false},"excerpt":{"rendered":"<p>La piel es un ecosistema complejo con un sistema inmunitario propio, el sistema inmunitario cut\u00e1neo.<\/p>\n","protected":false},"author":6,"featured_media":15615,"comment_status":"open","ping_status":"open","sticky":false,"template":"","format":"standard","meta":{"footnotes":""},"categories":[23],"tags":[],"class_list":["post-15614","post","type-post","status-publish","format-standard","has-post-thumbnail","hentry","category-blog"],"yoast_head":"<!-- This site is optimized with the Yoast SEO plugin v26.8 - https:\/\/yoast.com\/product\/yoast-seo-wordpress\/ -->\n<title>Cuida tu piel e inmunidad con microinmunoterapia | Dra. Zemba<\/title>\n<meta name=\"description\" content=\"La Dra. Zemba desvela c\u00f3mo cuidar tu piel e inmunidad con microinmunoterapia en el podcast de Farmacia Coliseum. \u00a1No te lo pierdas!\" \/>\n<meta name=\"robots\" content=\"index, follow, max-snippet:-1, max-image-preview:large, max-video-preview:-1\" \/>\n<link rel=\"canonical\" href=\"https:\/\/www.labolife.com\/es\/blog\/la-dra-zemba-desvela-como-cuidar-tu-piel-e-inmunidad-con-microinmunoterapia\/\" \/>\n<meta property=\"og:locale\" content=\"es_ES\" \/>\n<meta property=\"og:type\" content=\"article\" \/>\n<meta property=\"og:title\" content=\"Cuida tu piel e inmunidad con microinmunoterapia | Dra. Zemba\" \/>\n<meta property=\"og:description\" content=\"La Dra. Zemba desvela c\u00f3mo cuidar tu piel e inmunidad con microinmunoterapia en el podcast de Farmacia Coliseum. \u00a1No te lo pierdas!\" \/>\n<meta property=\"og:url\" content=\"https:\/\/www.labolife.com\/es\/blog\/la-dra-zemba-desvela-como-cuidar-tu-piel-e-inmunidad-con-microinmunoterapia\/\" \/>\n<meta property=\"og:site_name\" content=\"Labo\u2019life\" \/>\n<meta property=\"article:published_time\" content=\"2025-02-10T08:49:20+00:00\" \/>\n<meta property=\"article:modified_time\" content=\"2026-02-03T07:22:50+00:00\" \/>\n<meta property=\"og:image\" content=\"https:\/\/www.labolife.com\/wp-content\/uploads\/2025\/02\/CABECERAS-NOTICIAS-WEB-LL-scaled.jpg\" \/>\n\t<meta property=\"og:image:width\" content=\"2560\" \/>\n\t<meta property=\"og:image:height\" content=\"857\" \/>\n\t<meta property=\"og:image:type\" content=\"image\/jpeg\" \/>\n<meta name=\"author\" content=\"Elena\" \/>\n<meta name=\"twitter:card\" content=\"summary_large_image\" \/>\n<meta name=\"twitter:label1\" content=\"Escrito por\" \/>\n\t<meta name=\"twitter:data1\" content=\"Elena\" \/>\n\t<meta name=\"twitter:label2\" content=\"Tiempo de lectura\" \/>\n\t<meta name=\"twitter:data2\" content=\"2 minutos\" \/>\n<script type=\"application\/ld+json\" class=\"yoast-schema-graph\">{\"@context\":\"https:\/\/schema.org\",\"@graph\":[{\"@type\":\"Article\",\"@id\":\"https:\/\/www.labolife.com\/es\/blog\/la-dra-zemba-desvela-como-cuidar-tu-piel-e-inmunidad-con-microinmunoterapia\/#article\",\"isPartOf\":{\"@id\":\"https:\/\/www.labolife.com\/es\/blog\/la-dra-zemba-desvela-como-cuidar-tu-piel-e-inmunidad-con-microinmunoterapia\/\"},\"author\":{\"name\":\"Elena\",\"@id\":\"https:\/\/www.labolife.com\/es\/#\/schema\/person\/424470d3c5fe76f6c542f05ef88cfd6b\"},\"headline\":\"La Dra. Zemba desvela c\u00f3mo cuidar tu piel e inmunidad con microinmunoterapia\",\"datePublished\":\"2025-02-10T08:49:20+00:00\",\"dateModified\":\"2026-02-03T07:22:50+00:00\",\"mainEntityOfPage\":{\"@id\":\"https:\/\/www.labolife.com\/es\/blog\/la-dra-zemba-desvela-como-cuidar-tu-piel-e-inmunidad-con-microinmunoterapia\/\"},\"wordCount\":455,\"commentCount\":0,\"publisher\":{\"@id\":\"https:\/\/www.labolife.com\/es\/#organization\"},\"image\":{\"@id\":\"https:\/\/www.labolife.com\/es\/blog\/la-dra-zemba-desvela-como-cuidar-tu-piel-e-inmunidad-con-microinmunoterapia\/#primaryimage\"},\"thumbnailUrl\":\"https:\/\/www.labolife.com\/wp-content\/uploads\/2025\/02\/CABECERAS-NOTICIAS-WEB-LL-scaled.jpg\",\"articleSection\":[\"Blog\"],\"inLanguage\":\"es\",\"potentialAction\":[{\"@type\":\"CommentAction\",\"name\":\"Comment\",\"target\":[\"https:\/\/www.labolife.com\/es\/blog\/la-dra-zemba-desvela-como-cuidar-tu-piel-e-inmunidad-con-microinmunoterapia\/#respond\"]}]},{\"@type\":\"WebPage\",\"@id\":\"https:\/\/www.labolife.com\/es\/blog\/la-dra-zemba-desvela-como-cuidar-tu-piel-e-inmunidad-con-microinmunoterapia\/\",\"url\":\"https:\/\/www.labolife.com\/es\/blog\/la-dra-zemba-desvela-como-cuidar-tu-piel-e-inmunidad-con-microinmunoterapia\/\",\"name\":\"Cuida tu piel e inmunidad con microinmunoterapia | Dra. Zemba\",\"isPartOf\":{\"@id\":\"https:\/\/www.labolife.com\/es\/#website\"},\"primaryImageOfPage\":{\"@id\":\"https:\/\/www.labolife.com\/es\/blog\/la-dra-zemba-desvela-como-cuidar-tu-piel-e-inmunidad-con-microinmunoterapia\/#primaryimage\"},\"image\":{\"@id\":\"https:\/\/www.labolife.com\/es\/blog\/la-dra-zemba-desvela-como-cuidar-tu-piel-e-inmunidad-con-microinmunoterapia\/#primaryimage\"},\"thumbnailUrl\":\"https:\/\/www.labolife.com\/wp-content\/uploads\/2025\/02\/CABECERAS-NOTICIAS-WEB-LL-scaled.jpg\",\"datePublished\":\"2025-02-10T08:49:20+00:00\",\"dateModified\":\"2026-02-03T07:22:50+00:00\",\"description\":\"La Dra. Zemba desvela c\u00f3mo cuidar tu piel e inmunidad con microinmunoterapia en el podcast de Farmacia Coliseum. \u00a1No te lo pierdas!\",\"breadcrumb\":{\"@id\":\"https:\/\/www.labolife.com\/es\/blog\/la-dra-zemba-desvela-como-cuidar-tu-piel-e-inmunidad-con-microinmunoterapia\/#breadcrumb\"},\"inLanguage\":\"es\",\"potentialAction\":[{\"@type\":\"ReadAction\",\"target\":[\"https:\/\/www.labolife.com\/es\/blog\/la-dra-zemba-desvela-como-cuidar-tu-piel-e-inmunidad-con-microinmunoterapia\/\"]}]},{\"@type\":\"ImageObject\",\"inLanguage\":\"es\",\"@id\":\"https:\/\/www.labolife.com\/es\/blog\/la-dra-zemba-desvela-como-cuidar-tu-piel-e-inmunidad-con-microinmunoterapia\/#primaryimage\",\"url\":\"https:\/\/www.labolife.com\/wp-content\/uploads\/2025\/02\/CABECERAS-NOTICIAS-WEB-LL-scaled.jpg\",\"contentUrl\":\"https:\/\/www.labolife.com\/wp-content\/uploads\/2025\/02\/CABECERAS-NOTICIAS-WEB-LL-scaled.jpg\",\"width\":2560,\"height\":857},{\"@type\":\"BreadcrumbList\",\"@id\":\"https:\/\/www.labolife.com\/es\/blog\/la-dra-zemba-desvela-como-cuidar-tu-piel-e-inmunidad-con-microinmunoterapia\/#breadcrumb\",\"itemListElement\":[{\"@type\":\"ListItem\",\"position\":1,\"name\":\"Portada\",\"item\":\"https:\/\/www.labolife.com\/es\/\"},{\"@type\":\"ListItem\",\"position\":2,\"name\":\"Blog\",\"item\":\"https:\/\/www.labolife.com\/es\/blog\/\"},{\"@type\":\"ListItem\",\"position\":3,\"name\":\"La Dra. Zemba desvela c\u00f3mo cuidar tu piel e inmunidad con microinmunoterapia\"}]},{\"@type\":\"WebSite\",\"@id\":\"https:\/\/www.labolife.com\/es\/#website\",\"url\":\"https:\/\/www.labolife.com\/es\/\",\"name\":\"Labo\u2019life\",\"description\":\"\",\"publisher\":{\"@id\":\"https:\/\/www.labolife.com\/es\/#organization\"},\"potentialAction\":[{\"@type\":\"SearchAction\",\"target\":{\"@type\":\"EntryPoint\",\"urlTemplate\":\"https:\/\/www.labolife.com\/es\/?s={search_term_string}\"},\"query-input\":{\"@type\":\"PropertyValueSpecification\",\"valueRequired\":true,\"valueName\":\"search_term_string\"}}],\"inLanguage\":\"es\"},{\"@type\":\"Organization\",\"@id\":\"https:\/\/www.labolife.com\/es\/#organization\",\"name\":\"Labo\u00b4Life\",\"url\":\"https:\/\/www.labolife.com\/es\/\",\"logo\":{\"@type\":\"ImageObject\",\"inLanguage\":\"es\",\"@id\":\"https:\/\/www.labolife.com\/es\/#\/schema\/logo\/image\/\",\"url\":\"https:\/\/www.labolife.com\/wp-content\/uploads\/2023\/11\/logo-labolife.png\",\"contentUrl\":\"https:\/\/www.labolife.com\/wp-content\/uploads\/2023\/11\/logo-labolife.png\",\"width\":1148,\"height\":200,\"caption\":\"Labo\u00b4Life\"},\"image\":{\"@id\":\"https:\/\/www.labolife.com\/es\/#\/schema\/logo\/image\/\"}},{\"@type\":\"Person\",\"@id\":\"https:\/\/www.labolife.com\/es\/#\/schema\/person\/424470d3c5fe76f6c542f05ef88cfd6b\",\"name\":\"Elena\",\"image\":{\"@type\":\"ImageObject\",\"inLanguage\":\"es\",\"@id\":\"https:\/\/www.labolife.com\/es\/#\/schema\/person\/image\/\",\"url\":\"https:\/\/secure.gravatar.com\/avatar\/57d8ecfa4500b05d4b096e2567f762c2b8007c4e4fc749f7dc558bd8c50bd8ca?s=96&d=mm&r=g\",\"contentUrl\":\"https:\/\/secure.gravatar.com\/avatar\/57d8ecfa4500b05d4b096e2567f762c2b8007c4e4fc749f7dc558bd8c50bd8ca?s=96&d=mm&r=g\",\"caption\":\"Elena\"},\"url\":\"https:\/\/www.labolife.com\/es\/author\/elena\/\"}]}<\/script>\n<!-- \/ Yoast SEO plugin. -->","yoast_head_json":{"title":"Cuida tu piel e inmunidad con microinmunoterapia | Dra. Zemba","description":"La Dra. Zemba desvela c\u00f3mo cuidar tu piel e inmunidad con microinmunoterapia en el podcast de Farmacia Coliseum. \u00a1No te lo pierdas!","robots":{"index":"index","follow":"follow","max-snippet":"max-snippet:-1","max-image-preview":"max-image-preview:large","max-video-preview":"max-video-preview:-1"},"canonical":"https:\/\/www.labolife.com\/es\/blog\/la-dra-zemba-desvela-como-cuidar-tu-piel-e-inmunidad-con-microinmunoterapia\/","og_locale":"es_ES","og_type":"article","og_title":"Cuida tu piel e inmunidad con microinmunoterapia | Dra. Zemba","og_description":"La Dra. Zemba desvela c\u00f3mo cuidar tu piel e inmunidad con microinmunoterapia en el podcast de Farmacia Coliseum. \u00a1No te lo pierdas!","og_url":"https:\/\/www.labolife.com\/es\/blog\/la-dra-zemba-desvela-como-cuidar-tu-piel-e-inmunidad-con-microinmunoterapia\/","og_site_name":"Labo\u2019life","article_published_time":"2025-02-10T08:49:20+00:00","article_modified_time":"2026-02-03T07:22:50+00:00","og_image":[{"width":2560,"height":857,"url":"https:\/\/www.labolife.com\/wp-content\/uploads\/2025\/02\/CABECERAS-NOTICIAS-WEB-LL-scaled.jpg","type":"image\/jpeg"}],"author":"Elena","twitter_card":"summary_large_image","twitter_misc":{"Escrito por":"Elena","Tiempo de lectura":"2 minutos"},"schema":{"@context":"https:\/\/schema.org","@graph":[{"@type":"Article","@id":"https:\/\/www.labolife.com\/es\/blog\/la-dra-zemba-desvela-como-cuidar-tu-piel-e-inmunidad-con-microinmunoterapia\/#article","isPartOf":{"@id":"https:\/\/www.labolife.com\/es\/blog\/la-dra-zemba-desvela-como-cuidar-tu-piel-e-inmunidad-con-microinmunoterapia\/"},"author":{"name":"Elena","@id":"https:\/\/www.labolife.com\/es\/#\/schema\/person\/424470d3c5fe76f6c542f05ef88cfd6b"},"headline":"La Dra. Zemba desvela c\u00f3mo cuidar tu piel e inmunidad con microinmunoterapia","datePublished":"2025-02-10T08:49:20+00:00","dateModified":"2026-02-03T07:22:50+00:00","mainEntityOfPage":{"@id":"https:\/\/www.labolife.com\/es\/blog\/la-dra-zemba-desvela-como-cuidar-tu-piel-e-inmunidad-con-microinmunoterapia\/"},"wordCount":455,"commentCount":0,"publisher":{"@id":"https:\/\/www.labolife.com\/es\/#organization"},"image":{"@id":"https:\/\/www.labolife.com\/es\/blog\/la-dra-zemba-desvela-como-cuidar-tu-piel-e-inmunidad-con-microinmunoterapia\/#primaryimage"},"thumbnailUrl":"https:\/\/www.labolife.com\/wp-content\/uploads\/2025\/02\/CABECERAS-NOTICIAS-WEB-LL-scaled.jpg","articleSection":["Blog"],"inLanguage":"es","potentialAction":[{"@type":"CommentAction","name":"Comment","target":["https:\/\/www.labolife.com\/es\/blog\/la-dra-zemba-desvela-como-cuidar-tu-piel-e-inmunidad-con-microinmunoterapia\/#respond"]}]},{"@type":"WebPage","@id":"https:\/\/www.labolife.com\/es\/blog\/la-dra-zemba-desvela-como-cuidar-tu-piel-e-inmunidad-con-microinmunoterapia\/","url":"https:\/\/www.labolife.com\/es\/blog\/la-dra-zemba-desvela-como-cuidar-tu-piel-e-inmunidad-con-microinmunoterapia\/","name":"Cuida tu piel e inmunidad con microinmunoterapia | Dra. Zemba","isPartOf":{"@id":"https:\/\/www.labolife.com\/es\/#website"},"primaryImageOfPage":{"@id":"https:\/\/www.labolife.com\/es\/blog\/la-dra-zemba-desvela-como-cuidar-tu-piel-e-inmunidad-con-microinmunoterapia\/#primaryimage"},"image":{"@id":"https:\/\/www.labolife.com\/es\/blog\/la-dra-zemba-desvela-como-cuidar-tu-piel-e-inmunidad-con-microinmunoterapia\/#primaryimage"},"thumbnailUrl":"https:\/\/www.labolife.com\/wp-content\/uploads\/2025\/02\/CABECERAS-NOTICIAS-WEB-LL-scaled.jpg","datePublished":"2025-02-10T08:49:20+00:00","dateModified":"2026-02-03T07:22:50+00:00","description":"La Dra. Zemba desvela c\u00f3mo cuidar tu piel e inmunidad con microinmunoterapia en el podcast de Farmacia Coliseum. \u00a1No te lo pierdas!","breadcrumb":{"@id":"https:\/\/www.labolife.com\/es\/blog\/la-dra-zemba-desvela-como-cuidar-tu-piel-e-inmunidad-con-microinmunoterapia\/#breadcrumb"},"inLanguage":"es","potentialAction":[{"@type":"ReadAction","target":["https:\/\/www.labolife.com\/es\/blog\/la-dra-zemba-desvela-como-cuidar-tu-piel-e-inmunidad-con-microinmunoterapia\/"]}]},{"@type":"ImageObject","inLanguage":"es","@id":"https:\/\/www.labolife.com\/es\/blog\/la-dra-zemba-desvela-como-cuidar-tu-piel-e-inmunidad-con-microinmunoterapia\/#primaryimage","url":"https:\/\/www.labolife.com\/wp-content\/uploads\/2025\/02\/CABECERAS-NOTICIAS-WEB-LL-scaled.jpg","contentUrl":"https:\/\/www.labolife.com\/wp-content\/uploads\/2025\/02\/CABECERAS-NOTICIAS-WEB-LL-scaled.jpg","width":2560,"height":857},{"@type":"BreadcrumbList","@id":"https:\/\/www.labolife.com\/es\/blog\/la-dra-zemba-desvela-como-cuidar-tu-piel-e-inmunidad-con-microinmunoterapia\/#breadcrumb","itemListElement":[{"@type":"ListItem","position":1,"name":"Portada","item":"https:\/\/www.labolife.com\/es\/"},{"@type":"ListItem","position":2,"name":"Blog","item":"https:\/\/www.labolife.com\/es\/blog\/"},{"@type":"ListItem","position":3,"name":"La Dra. Zemba desvela c\u00f3mo cuidar tu piel e inmunidad con microinmunoterapia"}]},{"@type":"WebSite","@id":"https:\/\/www.labolife.com\/es\/#website","url":"https:\/\/www.labolife.com\/es\/","name":"Labo\u2019life","description":"","publisher":{"@id":"https:\/\/www.labolife.com\/es\/#organization"},"potentialAction":[{"@type":"SearchAction","target":{"@type":"EntryPoint","urlTemplate":"https:\/\/www.labolife.com\/es\/?s={search_term_string}"},"query-input":{"@type":"PropertyValueSpecification","valueRequired":true,"valueName":"search_term_string"}}],"inLanguage":"es"},{"@type":"Organization","@id":"https:\/\/www.labolife.com\/es\/#organization","name":"Labo\u00b4Life","url":"https:\/\/www.labolife.com\/es\/","logo":{"@type":"ImageObject","inLanguage":"es","@id":"https:\/\/www.labolife.com\/es\/#\/schema\/logo\/image\/","url":"https:\/\/www.labolife.com\/wp-content\/uploads\/2023\/11\/logo-labolife.png","contentUrl":"https:\/\/www.labolife.com\/wp-content\/uploads\/2023\/11\/logo-labolife.png","width":1148,"height":200,"caption":"Labo\u00b4Life"},"image":{"@id":"https:\/\/www.labolife.com\/es\/#\/schema\/logo\/image\/"}},{"@type":"Person","@id":"https:\/\/www.labolife.com\/es\/#\/schema\/person\/424470d3c5fe76f6c542f05ef88cfd6b","name":"Elena","image":{"@type":"ImageObject","inLanguage":"es","@id":"https:\/\/www.labolife.com\/es\/#\/schema\/person\/image\/","url":"https:\/\/secure.gravatar.com\/avatar\/57d8ecfa4500b05d4b096e2567f762c2b8007c4e4fc749f7dc558bd8c50bd8ca?s=96&d=mm&r=g","contentUrl":"https:\/\/secure.gravatar.com\/avatar\/57d8ecfa4500b05d4b096e2567f762c2b8007c4e4fc749f7dc558bd8c50bd8ca?s=96&d=mm&r=g","caption":"Elena"},"url":"https:\/\/www.labolife.com\/es\/author\/elena\/"}]}},"_links":{"self":[{"href":"https:\/\/www.labolife.com\/es\/wp-json\/wp\/v2\/posts\/15614","targetHints":{"allow":["GET"]}}],"collection":[{"href":"https:\/\/www.labolife.com\/es\/wp-json\/wp\/v2\/posts"}],"about":[{"href":"https:\/\/www.labolife.com\/es\/wp-json\/wp\/v2\/types\/post"}],"author":[{"embeddable":true,"href":"https:\/\/www.labolife.com\/es\/wp-json\/wp\/v2\/users\/6"}],"replies":[{"embeddable":true,"href":"https:\/\/www.labolife.com\/es\/wp-json\/wp\/v2\/comments?post=15614"}],"version-history":[{"count":6,"href":"https:\/\/www.labolife.com\/es\/wp-json\/wp\/v2\/posts\/15614\/revisions"}],"predecessor-version":[{"id":17618,"href":"https:\/\/www.labolife.com\/es\/wp-json\/wp\/v2\/posts\/15614\/revisions\/17618"}],"wp:featuredmedia":[{"embeddable":true,"href":"https:\/\/www.labolife.com\/es\/wp-json\/wp\/v2\/media\/15615"}],"wp:attachment":[{"href":"https:\/\/www.labolife.com\/es\/wp-json\/wp\/v2\/media?parent=15614"}],"wp:term":[{"taxonomy":"category","embeddable":true,"href":"https:\/\/www.labolife.com\/es\/wp-json\/wp\/v2\/categories?post=15614"},{"taxonomy":"post_tag","embeddable":true,"href":"https:\/\/www.labolife.com\/es\/wp-json\/wp\/v2\/tags?post=15614"}],"curies":[{"name":"wp","href":"https:\/\/api.w.org\/{rel}","templated":true}]}}