{"id":17616,"date":"2026-02-03T09:22:29","date_gmt":"2026-02-03T07:22:29","guid":{"rendered":"https:\/\/www.labolife.com\/?p=17616"},"modified":"2026-02-03T09:33:47","modified_gmt":"2026-02-03T07:33:47","slug":"labolife-estrecha-vinculos-con-los-farmaceuticos-de-mallorca-en-una-jornada-de-puertas-abiertas","status":"publish","type":"post","link":"https:\/\/www.labolife.com\/es\/blog\/labolife-estrecha-vinculos-con-los-farmaceuticos-de-mallorca-en-una-jornada-de-puertas-abiertas\/","title":{"rendered":"Labo\u2019life estrecha v\u00ednculos con los farmac\u00e9uticos de Mallorca en una jornada de puertas abiertas"},"content":{"rendered":"\t\t<div data-elementor-type=\"wp-post\" data-elementor-id=\"17616\" class=\"elementor elementor-17616\" data-elementor-post-type=\"post\">\n\t\t\t\t\t\t<section class=\"elementor-section elementor-top-section elementor-element elementor-element-58458cf elementor-section-boxed elementor-section-height-default elementor-section-height-default\" data-id=\"58458cf\" data-element_type=\"section\" data-settings=\"{&quot;jet_parallax_layout_list&quot;:[]}\">\n\t\t\t\t\t\t<div class=\"elementor-container elementor-column-gap-default\">\n\t\t\t\t\t<div class=\"elementor-column elementor-col-100 elementor-top-column elementor-element elementor-element-e25e965\" data-id=\"e25e965\" data-element_type=\"column\">\n\t\t\t<div class=\"elementor-widget-wrap elementor-element-populated\">\n\t\t\t\t\t\t<div class=\"elementor-element elementor-element-61a1956 elementor-widget elementor-widget-text-editor\" data-id=\"61a1956\" data-element_type=\"widget\" data-widget_type=\"text-editor.default\">\n\t\t\t\t<div class=\"elementor-widget-container\">\n\t\t\t\t\t\t\t\t\t<p>Este pasado jueves tuvimos el honor de abrir las puertas de nuestras instalaciones a una destacada representaci\u00f3n de profesionales farmac\u00e9uticos de Mallorca. La jornada se desarroll\u00f3 en un ambiente de intercambio profesional y cercan\u00eda con el objetivo de profundizar en el conocimiento de la <strong>microinmunoterapia<\/strong>.<\/p><p>Durante la visita los asistentes conocieron de primera mano la misi\u00f3n de la empresa y el prop\u00f3sito que nos impulsa a diario al cuidado de los pacientes. Tuvieron tambi\u00e9n la oportunidad de realizar un recorrido detallado por nuestra planta de producci\u00f3n.<\/p><p>El recorrido permiti\u00f3 mostrar con detalle los rigurosos procesos de fabricaci\u00f3n que seguimos para garantizar la calidad de nuestros medicamentos, desde la recepci\u00f3n de materias primas hasta el producto final.<\/p><p>Estuvimos encantados de recibir a farmac\u00e9uticos de oficinas de farmacia de Palma, Inca y Pina, adem\u00e1s de una representaci\u00f3n del Colegio de Farmac\u00e9uticos de las Islas Baleares (COFIB) encabezado por su presidente, Vicens Terrades, y el vocal primero de la entidad, Joan Vicens.<\/p><p>\u00a1Ha sido un placer recibiros en nuestra casa! \u00a1Gracias por vuestra visita!\u00a0<\/p>\t\t\t\t\t\t\t\t<\/div>\n\t\t\t\t<\/div>\n\t\t\t\t<section class=\"elementor-section elementor-inner-section elementor-element elementor-element-c4ceb28 elementor-section-boxed elementor-section-height-default elementor-section-height-default\" data-id=\"c4ceb28\" data-element_type=\"section\" data-settings=\"{&quot;jet_parallax_layout_list&quot;:[]}\">\n\t\t\t\t\t\t<div class=\"elementor-container elementor-column-gap-default\">\n\t\t\t\t\t<div class=\"elementor-column elementor-col-50 elementor-inner-column elementor-element elementor-element-060248e\" data-id=\"060248e\" data-element_type=\"column\">\n\t\t\t<div class=\"elementor-widget-wrap elementor-element-populated\">\n\t\t\t\t\t\t<div class=\"elementor-element elementor-element-c38269b elementor-widget elementor-widget-image\" data-id=\"c38269b\" data-element_type=\"widget\" data-widget_type=\"image.default\">\n\t\t\t\t<div class=\"elementor-widget-container\">\n\t\t\t\t\t\t\t\t\t\t\t\t\t\t\t<img fetchpriority=\"high\" decoding=\"async\" width=\"800\" height=\"534\" src=\"https:\/\/www.labolife.com\/wp-content\/uploads\/2026\/02\/DSC03118-1024x683.jpeg\" class=\"attachment-large size-large wp-image-17630\" alt=\"\" srcset=\"https:\/\/www.labolife.com\/wp-content\/uploads\/2026\/02\/DSC03118-1024x683.jpeg 1024w, https:\/\/www.labolife.com\/wp-content\/uploads\/2026\/02\/DSC03118-300x200.jpeg 300w, https:\/\/www.labolife.com\/wp-content\/uploads\/2026\/02\/DSC03118-768x512.jpeg 768w, https:\/\/www.labolife.com\/wp-content\/uploads\/2026\/02\/DSC03118-1536x1024.jpeg 1536w, https:\/\/www.labolife.com\/wp-content\/uploads\/2026\/02\/DSC03118-2048x1365.jpeg 2048w\" sizes=\"(max-width: 800px) 100vw, 800px\" \/>\t\t\t\t\t\t\t\t\t\t\t\t\t\t\t<\/div>\n\t\t\t\t<\/div>\n\t\t\t\t\t<\/div>\n\t\t<\/div>\n\t\t\t\t<div class=\"elementor-column elementor-col-50 elementor-inner-column elementor-element elementor-element-6112db0\" data-id=\"6112db0\" data-element_type=\"column\">\n\t\t\t<div class=\"elementor-widget-wrap elementor-element-populated\">\n\t\t\t\t\t\t<div class=\"elementor-element elementor-element-202e5f0 elementor-widget elementor-widget-image\" data-id=\"202e5f0\" data-element_type=\"widget\" data-widget_type=\"image.default\">\n\t\t\t\t<div class=\"elementor-widget-container\">\n\t\t\t\t\t\t\t\t\t\t\t\t\t\t\t<img decoding=\"async\" width=\"800\" height=\"534\" src=\"https:\/\/www.labolife.com\/wp-content\/uploads\/2026\/02\/DSC03114-1024x683.jpeg\" class=\"attachment-large size-large wp-image-17625\" alt=\"\" srcset=\"https:\/\/www.labolife.com\/wp-content\/uploads\/2026\/02\/DSC03114-1024x683.jpeg 1024w, https:\/\/www.labolife.com\/wp-content\/uploads\/2026\/02\/DSC03114-300x200.jpeg 300w, https:\/\/www.labolife.com\/wp-content\/uploads\/2026\/02\/DSC03114-768x512.jpeg 768w, https:\/\/www.labolife.com\/wp-content\/uploads\/2026\/02\/DSC03114-1536x1024.jpeg 1536w, https:\/\/www.labolife.com\/wp-content\/uploads\/2026\/02\/DSC03114-2048x1365.jpeg 2048w\" sizes=\"(max-width: 800px) 100vw, 800px\" \/>\t\t\t\t\t\t\t\t\t\t\t\t\t\t\t<\/div>\n\t\t\t\t<\/div>\n\t\t\t\t\t<\/div>\n\t\t<\/div>\n\t\t\t\t\t<\/div>\n\t\t<\/section>\n\t\t\t\t\t<\/div>\n\t\t<\/div>\n\t\t\t\t\t<\/div>\n\t\t<\/section>\n\t\t\t\t<\/div>\n\t\t","protected":false},"excerpt":{"rendered":"<p>Un recorrido que mostr\u00f3 los procesos de fabricaci\u00f3n que seguimos para garantizar la calidad de nuestros medicamentos.<\/p>\n","protected":false},"author":6,"featured_media":17638,"comment_status":"open","ping_status":"open","sticky":false,"template":"","format":"standard","meta":{"footnotes":""},"categories":[23],"tags":[],"class_list":["post-17616","post","type-post","status-publish","format-standard","has-post-thumbnail","hentry","category-blog"],"yoast_head":"<!-- This site is optimized with the Yoast SEO plugin v26.8 - https:\/\/yoast.com\/product\/yoast-seo-wordpress\/ -->\n<title>Labo\u2019life estrecha v\u00ednculos con los farmac\u00e9uticos de Mallorca<\/title>\n<meta name=\"description\" content=\"Una visita a Labo&#039;life para conocer la misi\u00f3n de la empresa y el prop\u00f3sito que nos impulsa a diario al cuidado de los pacientes.\" \/>\n<meta name=\"robots\" content=\"index, follow, max-snippet:-1, max-image-preview:large, max-video-preview:-1\" \/>\n<link rel=\"canonical\" href=\"https:\/\/www.labolife.com\/es\/blog\/labolife-estrecha-vinculos-con-los-farmaceuticos-de-mallorca-en-una-jornada-de-puertas-abiertas\/\" \/>\n<meta property=\"og:locale\" content=\"es_ES\" \/>\n<meta property=\"og:type\" content=\"article\" \/>\n<meta property=\"og:title\" content=\"Labo\u2019life estrecha v\u00ednculos con los farmac\u00e9uticos de Mallorca\" \/>\n<meta property=\"og:description\" content=\"Una visita a Labo&#039;life para conocer la misi\u00f3n de la empresa y el prop\u00f3sito que nos impulsa a diario al cuidado de los pacientes.\" \/>\n<meta property=\"og:url\" content=\"https:\/\/www.labolife.com\/es\/blog\/labolife-estrecha-vinculos-con-los-farmaceuticos-de-mallorca-en-una-jornada-de-puertas-abiertas\/\" \/>\n<meta property=\"og:site_name\" content=\"Labo\u2019life\" \/>\n<meta property=\"article:published_time\" content=\"2026-02-03T07:22:29+00:00\" \/>\n<meta property=\"article:modified_time\" content=\"2026-02-03T07:33:47+00:00\" \/>\n<meta property=\"og:image\" content=\"https:\/\/www.labolife.com\/wp-content\/uploads\/2026\/02\/Labolife-visita-farmaceuticos.jpg\" \/>\n\t<meta property=\"og:image:width\" content=\"2340\" \/>\n\t<meta property=\"og:image:height\" content=\"783\" \/>\n\t<meta property=\"og:image:type\" content=\"image\/jpeg\" \/>\n<meta name=\"author\" content=\"Elena\" \/>\n<meta name=\"twitter:card\" content=\"summary_large_image\" \/>\n<meta name=\"twitter:label1\" content=\"Escrito por\" \/>\n\t<meta name=\"twitter:data1\" content=\"Elena\" \/>\n\t<meta name=\"twitter:label2\" content=\"Tiempo de lectura\" \/>\n\t<meta name=\"twitter:data2\" content=\"2 minutos\" \/>\n<script type=\"application\/ld+json\" class=\"yoast-schema-graph\">{\"@context\":\"https:\/\/schema.org\",\"@graph\":[{\"@type\":\"Article\",\"@id\":\"https:\/\/www.labolife.com\/es\/blog\/labolife-estrecha-vinculos-con-los-farmaceuticos-de-mallorca-en-una-jornada-de-puertas-abiertas\/#article\",\"isPartOf\":{\"@id\":\"https:\/\/www.labolife.com\/es\/blog\/labolife-estrecha-vinculos-con-los-farmaceuticos-de-mallorca-en-una-jornada-de-puertas-abiertas\/\"},\"author\":{\"name\":\"Elena\",\"@id\":\"https:\/\/www.labolife.com\/es\/#\/schema\/person\/424470d3c5fe76f6c542f05ef88cfd6b\"},\"headline\":\"Labo\u2019life estrecha v\u00ednculos con los farmac\u00e9uticos de Mallorca en una jornada de puertas abiertas\",\"datePublished\":\"2026-02-03T07:22:29+00:00\",\"dateModified\":\"2026-02-03T07:33:47+00:00\",\"mainEntityOfPage\":{\"@id\":\"https:\/\/www.labolife.com\/es\/blog\/labolife-estrecha-vinculos-con-los-farmaceuticos-de-mallorca-en-una-jornada-de-puertas-abiertas\/\"},\"wordCount\":201,\"commentCount\":0,\"publisher\":{\"@id\":\"https:\/\/www.labolife.com\/es\/#organization\"},\"image\":{\"@id\":\"https:\/\/www.labolife.com\/es\/blog\/labolife-estrecha-vinculos-con-los-farmaceuticos-de-mallorca-en-una-jornada-de-puertas-abiertas\/#primaryimage\"},\"thumbnailUrl\":\"https:\/\/www.labolife.com\/wp-content\/uploads\/2026\/02\/Labolife-visita-farmaceuticos.jpg\",\"articleSection\":[\"Blog\"],\"inLanguage\":\"es\",\"potentialAction\":[{\"@type\":\"CommentAction\",\"name\":\"Comment\",\"target\":[\"https:\/\/www.labolife.com\/es\/blog\/labolife-estrecha-vinculos-con-los-farmaceuticos-de-mallorca-en-una-jornada-de-puertas-abiertas\/#respond\"]}]},{\"@type\":\"WebPage\",\"@id\":\"https:\/\/www.labolife.com\/es\/blog\/labolife-estrecha-vinculos-con-los-farmaceuticos-de-mallorca-en-una-jornada-de-puertas-abiertas\/\",\"url\":\"https:\/\/www.labolife.com\/es\/blog\/labolife-estrecha-vinculos-con-los-farmaceuticos-de-mallorca-en-una-jornada-de-puertas-abiertas\/\",\"name\":\"Labo\u2019life estrecha v\u00ednculos con los farmac\u00e9uticos de Mallorca\",\"isPartOf\":{\"@id\":\"https:\/\/www.labolife.com\/es\/#website\"},\"primaryImageOfPage\":{\"@id\":\"https:\/\/www.labolife.com\/es\/blog\/labolife-estrecha-vinculos-con-los-farmaceuticos-de-mallorca-en-una-jornada-de-puertas-abiertas\/#primaryimage\"},\"image\":{\"@id\":\"https:\/\/www.labolife.com\/es\/blog\/labolife-estrecha-vinculos-con-los-farmaceuticos-de-mallorca-en-una-jornada-de-puertas-abiertas\/#primaryimage\"},\"thumbnailUrl\":\"https:\/\/www.labolife.com\/wp-content\/uploads\/2026\/02\/Labolife-visita-farmaceuticos.jpg\",\"datePublished\":\"2026-02-03T07:22:29+00:00\",\"dateModified\":\"2026-02-03T07:33:47+00:00\",\"description\":\"Una visita a Labo'life para conocer la misi\u00f3n de la empresa y el prop\u00f3sito que nos impulsa a diario al cuidado de los pacientes.\",\"breadcrumb\":{\"@id\":\"https:\/\/www.labolife.com\/es\/blog\/labolife-estrecha-vinculos-con-los-farmaceuticos-de-mallorca-en-una-jornada-de-puertas-abiertas\/#breadcrumb\"},\"inLanguage\":\"es\",\"potentialAction\":[{\"@type\":\"ReadAction\",\"target\":[\"https:\/\/www.labolife.com\/es\/blog\/labolife-estrecha-vinculos-con-los-farmaceuticos-de-mallorca-en-una-jornada-de-puertas-abiertas\/\"]}]},{\"@type\":\"ImageObject\",\"inLanguage\":\"es\",\"@id\":\"https:\/\/www.labolife.com\/es\/blog\/labolife-estrecha-vinculos-con-los-farmaceuticos-de-mallorca-en-una-jornada-de-puertas-abiertas\/#primaryimage\",\"url\":\"https:\/\/www.labolife.com\/wp-content\/uploads\/2026\/02\/Labolife-visita-farmaceuticos.jpg\",\"contentUrl\":\"https:\/\/www.labolife.com\/wp-content\/uploads\/2026\/02\/Labolife-visita-farmaceuticos.jpg\",\"width\":2340,\"height\":783},{\"@type\":\"BreadcrumbList\",\"@id\":\"https:\/\/www.labolife.com\/es\/blog\/labolife-estrecha-vinculos-con-los-farmaceuticos-de-mallorca-en-una-jornada-de-puertas-abiertas\/#breadcrumb\",\"itemListElement\":[{\"@type\":\"ListItem\",\"position\":1,\"name\":\"Portada\",\"item\":\"https:\/\/www.labolife.com\/es\/\"},{\"@type\":\"ListItem\",\"position\":2,\"name\":\"Blog\",\"item\":\"https:\/\/www.labolife.com\/es\/blog\/\"},{\"@type\":\"ListItem\",\"position\":3,\"name\":\"Labo\u2019life estrecha v\u00ednculos con los farmac\u00e9uticos de Mallorca en una jornada de puertas abiertas\"}]},{\"@type\":\"WebSite\",\"@id\":\"https:\/\/www.labolife.com\/es\/#website\",\"url\":\"https:\/\/www.labolife.com\/es\/\",\"name\":\"Labo\u2019life\",\"description\":\"\",\"publisher\":{\"@id\":\"https:\/\/www.labolife.com\/es\/#organization\"},\"potentialAction\":[{\"@type\":\"SearchAction\",\"target\":{\"@type\":\"EntryPoint\",\"urlTemplate\":\"https:\/\/www.labolife.com\/es\/?s={search_term_string}\"},\"query-input\":{\"@type\":\"PropertyValueSpecification\",\"valueRequired\":true,\"valueName\":\"search_term_string\"}}],\"inLanguage\":\"es\"},{\"@type\":\"Organization\",\"@id\":\"https:\/\/www.labolife.com\/es\/#organization\",\"name\":\"Labo\u00b4Life\",\"url\":\"https:\/\/www.labolife.com\/es\/\",\"logo\":{\"@type\":\"ImageObject\",\"inLanguage\":\"es\",\"@id\":\"https:\/\/www.labolife.com\/es\/#\/schema\/logo\/image\/\",\"url\":\"https:\/\/www.labolife.com\/wp-content\/uploads\/2023\/11\/logo-labolife.png\",\"contentUrl\":\"https:\/\/www.labolife.com\/wp-content\/uploads\/2023\/11\/logo-labolife.png\",\"width\":1148,\"height\":200,\"caption\":\"Labo\u00b4Life\"},\"image\":{\"@id\":\"https:\/\/www.labolife.com\/es\/#\/schema\/logo\/image\/\"}},{\"@type\":\"Person\",\"@id\":\"https:\/\/www.labolife.com\/es\/#\/schema\/person\/424470d3c5fe76f6c542f05ef88cfd6b\",\"name\":\"Elena\",\"image\":{\"@type\":\"ImageObject\",\"inLanguage\":\"es\",\"@id\":\"https:\/\/www.labolife.com\/es\/#\/schema\/person\/image\/\",\"url\":\"https:\/\/secure.gravatar.com\/avatar\/57d8ecfa4500b05d4b096e2567f762c2b8007c4e4fc749f7dc558bd8c50bd8ca?s=96&d=mm&r=g\",\"contentUrl\":\"https:\/\/secure.gravatar.com\/avatar\/57d8ecfa4500b05d4b096e2567f762c2b8007c4e4fc749f7dc558bd8c50bd8ca?s=96&d=mm&r=g\",\"caption\":\"Elena\"},\"url\":\"https:\/\/www.labolife.com\/es\/author\/elena\/\"}]}<\/script>\n<!-- \/ Yoast SEO plugin. -->","yoast_head_json":{"title":"Labo\u2019life estrecha v\u00ednculos con los farmac\u00e9uticos de Mallorca","description":"Una visita a Labo'life para conocer la misi\u00f3n de la empresa y el prop\u00f3sito que nos impulsa a diario al cuidado de los pacientes.","robots":{"index":"index","follow":"follow","max-snippet":"max-snippet:-1","max-image-preview":"max-image-preview:large","max-video-preview":"max-video-preview:-1"},"canonical":"https:\/\/www.labolife.com\/es\/blog\/labolife-estrecha-vinculos-con-los-farmaceuticos-de-mallorca-en-una-jornada-de-puertas-abiertas\/","og_locale":"es_ES","og_type":"article","og_title":"Labo\u2019life estrecha v\u00ednculos con los farmac\u00e9uticos de Mallorca","og_description":"Una visita a Labo'life para conocer la misi\u00f3n de la empresa y el prop\u00f3sito que nos impulsa a diario al cuidado de los pacientes.","og_url":"https:\/\/www.labolife.com\/es\/blog\/labolife-estrecha-vinculos-con-los-farmaceuticos-de-mallorca-en-una-jornada-de-puertas-abiertas\/","og_site_name":"Labo\u2019life","article_published_time":"2026-02-03T07:22:29+00:00","article_modified_time":"2026-02-03T07:33:47+00:00","og_image":[{"width":2340,"height":783,"url":"https:\/\/www.labolife.com\/wp-content\/uploads\/2026\/02\/Labolife-visita-farmaceuticos.jpg","type":"image\/jpeg"}],"author":"Elena","twitter_card":"summary_large_image","twitter_misc":{"Escrito por":"Elena","Tiempo de lectura":"2 minutos"},"schema":{"@context":"https:\/\/schema.org","@graph":[{"@type":"Article","@id":"https:\/\/www.labolife.com\/es\/blog\/labolife-estrecha-vinculos-con-los-farmaceuticos-de-mallorca-en-una-jornada-de-puertas-abiertas\/#article","isPartOf":{"@id":"https:\/\/www.labolife.com\/es\/blog\/labolife-estrecha-vinculos-con-los-farmaceuticos-de-mallorca-en-una-jornada-de-puertas-abiertas\/"},"author":{"name":"Elena","@id":"https:\/\/www.labolife.com\/es\/#\/schema\/person\/424470d3c5fe76f6c542f05ef88cfd6b"},"headline":"Labo\u2019life estrecha v\u00ednculos con los farmac\u00e9uticos de Mallorca en una jornada de puertas abiertas","datePublished":"2026-02-03T07:22:29+00:00","dateModified":"2026-02-03T07:33:47+00:00","mainEntityOfPage":{"@id":"https:\/\/www.labolife.com\/es\/blog\/labolife-estrecha-vinculos-con-los-farmaceuticos-de-mallorca-en-una-jornada-de-puertas-abiertas\/"},"wordCount":201,"commentCount":0,"publisher":{"@id":"https:\/\/www.labolife.com\/es\/#organization"},"image":{"@id":"https:\/\/www.labolife.com\/es\/blog\/labolife-estrecha-vinculos-con-los-farmaceuticos-de-mallorca-en-una-jornada-de-puertas-abiertas\/#primaryimage"},"thumbnailUrl":"https:\/\/www.labolife.com\/wp-content\/uploads\/2026\/02\/Labolife-visita-farmaceuticos.jpg","articleSection":["Blog"],"inLanguage":"es","potentialAction":[{"@type":"CommentAction","name":"Comment","target":["https:\/\/www.labolife.com\/es\/blog\/labolife-estrecha-vinculos-con-los-farmaceuticos-de-mallorca-en-una-jornada-de-puertas-abiertas\/#respond"]}]},{"@type":"WebPage","@id":"https:\/\/www.labolife.com\/es\/blog\/labolife-estrecha-vinculos-con-los-farmaceuticos-de-mallorca-en-una-jornada-de-puertas-abiertas\/","url":"https:\/\/www.labolife.com\/es\/blog\/labolife-estrecha-vinculos-con-los-farmaceuticos-de-mallorca-en-una-jornada-de-puertas-abiertas\/","name":"Labo\u2019life estrecha v\u00ednculos con los farmac\u00e9uticos de Mallorca","isPartOf":{"@id":"https:\/\/www.labolife.com\/es\/#website"},"primaryImageOfPage":{"@id":"https:\/\/www.labolife.com\/es\/blog\/labolife-estrecha-vinculos-con-los-farmaceuticos-de-mallorca-en-una-jornada-de-puertas-abiertas\/#primaryimage"},"image":{"@id":"https:\/\/www.labolife.com\/es\/blog\/labolife-estrecha-vinculos-con-los-farmaceuticos-de-mallorca-en-una-jornada-de-puertas-abiertas\/#primaryimage"},"thumbnailUrl":"https:\/\/www.labolife.com\/wp-content\/uploads\/2026\/02\/Labolife-visita-farmaceuticos.jpg","datePublished":"2026-02-03T07:22:29+00:00","dateModified":"2026-02-03T07:33:47+00:00","description":"Una visita a Labo'life para conocer la misi\u00f3n de la empresa y el prop\u00f3sito que nos impulsa a diario al cuidado de los pacientes.","breadcrumb":{"@id":"https:\/\/www.labolife.com\/es\/blog\/labolife-estrecha-vinculos-con-los-farmaceuticos-de-mallorca-en-una-jornada-de-puertas-abiertas\/#breadcrumb"},"inLanguage":"es","potentialAction":[{"@type":"ReadAction","target":["https:\/\/www.labolife.com\/es\/blog\/labolife-estrecha-vinculos-con-los-farmaceuticos-de-mallorca-en-una-jornada-de-puertas-abiertas\/"]}]},{"@type":"ImageObject","inLanguage":"es","@id":"https:\/\/www.labolife.com\/es\/blog\/labolife-estrecha-vinculos-con-los-farmaceuticos-de-mallorca-en-una-jornada-de-puertas-abiertas\/#primaryimage","url":"https:\/\/www.labolife.com\/wp-content\/uploads\/2026\/02\/Labolife-visita-farmaceuticos.jpg","contentUrl":"https:\/\/www.labolife.com\/wp-content\/uploads\/2026\/02\/Labolife-visita-farmaceuticos.jpg","width":2340,"height":783},{"@type":"BreadcrumbList","@id":"https:\/\/www.labolife.com\/es\/blog\/labolife-estrecha-vinculos-con-los-farmaceuticos-de-mallorca-en-una-jornada-de-puertas-abiertas\/#breadcrumb","itemListElement":[{"@type":"ListItem","position":1,"name":"Portada","item":"https:\/\/www.labolife.com\/es\/"},{"@type":"ListItem","position":2,"name":"Blog","item":"https:\/\/www.labolife.com\/es\/blog\/"},{"@type":"ListItem","position":3,"name":"Labo\u2019life estrecha v\u00ednculos con los farmac\u00e9uticos de Mallorca en una jornada de puertas abiertas"}]},{"@type":"WebSite","@id":"https:\/\/www.labolife.com\/es\/#website","url":"https:\/\/www.labolife.com\/es\/","name":"Labo\u2019life","description":"","publisher":{"@id":"https:\/\/www.labolife.com\/es\/#organization"},"potentialAction":[{"@type":"SearchAction","target":{"@type":"EntryPoint","urlTemplate":"https:\/\/www.labolife.com\/es\/?s={search_term_string}"},"query-input":{"@type":"PropertyValueSpecification","valueRequired":true,"valueName":"search_term_string"}}],"inLanguage":"es"},{"@type":"Organization","@id":"https:\/\/www.labolife.com\/es\/#organization","name":"Labo\u00b4Life","url":"https:\/\/www.labolife.com\/es\/","logo":{"@type":"ImageObject","inLanguage":"es","@id":"https:\/\/www.labolife.com\/es\/#\/schema\/logo\/image\/","url":"https:\/\/www.labolife.com\/wp-content\/uploads\/2023\/11\/logo-labolife.png","contentUrl":"https:\/\/www.labolife.com\/wp-content\/uploads\/2023\/11\/logo-labolife.png","width":1148,"height":200,"caption":"Labo\u00b4Life"},"image":{"@id":"https:\/\/www.labolife.com\/es\/#\/schema\/logo\/image\/"}},{"@type":"Person","@id":"https:\/\/www.labolife.com\/es\/#\/schema\/person\/424470d3c5fe76f6c542f05ef88cfd6b","name":"Elena","image":{"@type":"ImageObject","inLanguage":"es","@id":"https:\/\/www.labolife.com\/es\/#\/schema\/person\/image\/","url":"https:\/\/secure.gravatar.com\/avatar\/57d8ecfa4500b05d4b096e2567f762c2b8007c4e4fc749f7dc558bd8c50bd8ca?s=96&d=mm&r=g","contentUrl":"https:\/\/secure.gravatar.com\/avatar\/57d8ecfa4500b05d4b096e2567f762c2b8007c4e4fc749f7dc558bd8c50bd8ca?s=96&d=mm&r=g","caption":"Elena"},"url":"https:\/\/www.labolife.com\/es\/author\/elena\/"}]}},"_links":{"self":[{"href":"https:\/\/www.labolife.com\/es\/wp-json\/wp\/v2\/posts\/17616","targetHints":{"allow":["GET"]}}],"collection":[{"href":"https:\/\/www.labolife.com\/es\/wp-json\/wp\/v2\/posts"}],"about":[{"href":"https:\/\/www.labolife.com\/es\/wp-json\/wp\/v2\/types\/post"}],"author":[{"embeddable":true,"href":"https:\/\/www.labolife.com\/es\/wp-json\/wp\/v2\/users\/6"}],"replies":[{"embeddable":true,"href":"https:\/\/www.labolife.com\/es\/wp-json\/wp\/v2\/comments?post=17616"}],"version-history":[{"count":5,"href":"https:\/\/www.labolife.com\/es\/wp-json\/wp\/v2\/posts\/17616\/revisions"}],"predecessor-version":[{"id":17637,"href":"https:\/\/www.labolife.com\/es\/wp-json\/wp\/v2\/posts\/17616\/revisions\/17637"}],"wp:featuredmedia":[{"embeddable":true,"href":"https:\/\/www.labolife.com\/es\/wp-json\/wp\/v2\/media\/17638"}],"wp:attachment":[{"href":"https:\/\/www.labolife.com\/es\/wp-json\/wp\/v2\/media?parent=17616"}],"wp:term":[{"taxonomy":"category","embeddable":true,"href":"https:\/\/www.labolife.com\/es\/wp-json\/wp\/v2\/categories?post=17616"},{"taxonomy":"post_tag","embeddable":true,"href":"https:\/\/www.labolife.com\/es\/wp-json\/wp\/v2\/tags?post=17616"}],"curies":[{"name":"wp","href":"https:\/\/api.w.org\/{rel}","templated":true}]}}