{"id":9241,"date":"2023-06-12T07:16:10","date_gmt":"2023-06-12T06:16:10","guid":{"rendered":"https:\/\/www.labolife.com\/?p=9241"},"modified":"2023-09-25T11:41:56","modified_gmt":"2023-09-25T09:41:56","slug":"humanicemos-la-salud-mental-un-evento-de-labolife-que-impulsa-nuestra-vision-humanista-de-la-medicina","status":"publish","type":"post","link":"https:\/\/www.labolife.com\/es\/blog\/humanicemos-la-salud-mental-un-evento-de-labolife-que-impulsa-nuestra-vision-humanista-de-la-medicina\/","title":{"rendered":"Humanicemos la salud mental, un evento de Labo\u2019life que impulsa nuestra visi\u00f3n humanista de la medicina"},"content":{"rendered":"\t\t<div data-elementor-type=\"wp-post\" data-elementor-id=\"9241\" class=\"elementor elementor-9241\" data-elementor-post-type=\"post\">\n\t\t\t\t\t\t<section class=\"elementor-section elementor-top-section elementor-element elementor-element-2fa991a0 elementor-section-boxed elementor-section-height-default elementor-section-height-default\" data-id=\"2fa991a0\" data-element_type=\"section\" data-settings=\"{&quot;jet_parallax_layout_list&quot;:[]}\">\n\t\t\t\t\t\t<div class=\"elementor-container elementor-column-gap-default\">\n\t\t\t\t\t<div class=\"elementor-column elementor-col-100 elementor-top-column elementor-element elementor-element-5a7ef0e7\" data-id=\"5a7ef0e7\" data-element_type=\"column\">\n\t\t\t<div class=\"elementor-widget-wrap elementor-element-populated\">\n\t\t\t\t\t\t<div class=\"elementor-element elementor-element-128652fa elementor-widget__width-initial elementor-widget elementor-widget-text-editor\" data-id=\"128652fa\" data-element_type=\"widget\" data-widget_type=\"text-editor.default\">\n\t\t\t\t<div class=\"elementor-widget-container\">\n\t\t\t\t\t\t\t\t\t<p><\/p>\n<p>\u00abHumanicemos la salud mental\u00bb fue el slogan de la pasada edici\u00f3n, celebrada el 12 de mayo de este a\u00f1o, de los\u00a0<strong>Encuentros online de m\u00e9dicos humanistas<\/strong>\u00a0dentro del\u00a0programa<strong> Conversaciones con Hip\u00f3crates<\/strong>. Los v\u00eddeos del evento ya est\u00e1n disponibles en la web del evento.<\/p>\n<p><\/p>\t\t\t\t\t\t\t\t<\/div>\n\t\t\t\t<\/div>\n\t\t\t\t<div class=\"elementor-element elementor-element-ae9c3fc elementor-widget elementor-widget-spacer\" data-id=\"ae9c3fc\" data-element_type=\"widget\" data-widget_type=\"spacer.default\">\n\t\t\t\t<div class=\"elementor-widget-container\">\n\t\t\t\t\t\t\t<div class=\"elementor-spacer\">\n\t\t\t<div class=\"elementor-spacer-inner\"><\/div>\n\t\t<\/div>\n\t\t\t\t\t\t<\/div>\n\t\t\t\t<\/div>\n\t\t\t\t<div class=\"elementor-element elementor-element-bb8fb0b elementor-align-center elementor-widget elementor-widget-button\" data-id=\"bb8fb0b\" data-element_type=\"widget\" data-widget_type=\"button.default\">\n\t\t\t\t<div class=\"elementor-widget-container\">\n\t\t\t\t\t\t\t\t\t<div class=\"elementor-button-wrapper\">\n\t\t\t\t\t<a class=\"elementor-button elementor-button-link elementor-size-lg\" href=\"https:\/\/conversacionesconhipocrates.es\" target=\"_blank\">\n\t\t\t\t\t\t<span class=\"elementor-button-content-wrapper\">\n\t\t\t\t\t\t\t\t\t<span class=\"elementor-button-text\">\u00a1Visita la web aqu\u00ed!<\/span>\n\t\t\t\t\t<\/span>\n\t\t\t\t\t<\/a>\n\t\t\t\t<\/div>\n\t\t\t\t\t\t\t\t<\/div>\n\t\t\t\t<\/div>\n\t\t\t\t<div class=\"elementor-element elementor-element-8423b65 elementor-widget__width-initial elementor-widget elementor-widget-text-editor\" data-id=\"8423b65\" data-element_type=\"widget\" data-widget_type=\"text-editor.default\">\n\t\t\t\t<div class=\"elementor-widget-container\">\n\t\t\t\t\t\t\t\t\t<p><\/p>\n<p><span style=\"color: var( --e-global-color-text ); font-family: var( --e-global-typography-text-font-family ), Sans-serif;\">Un grupo de m\u00e9dicos, psiquiatras y psic\u00f3logos ofrecieron a los asistentes las herramientas necesarias para mejorar y lidiar con los trastornos de salud mental de la poblaci\u00f3n espa\u00f1ola. No olvidemos este dato: Espa\u00f1a es el pa\u00eds que m\u00e1s benzodiacepinas consume en el mundo.<\/span><\/p>\n<p><\/p>\n<p>Moderados por Jos\u00e9 Ignacio Torres, m\u00e9dico de Atenci\u00f3n primaria, desplegaron sus conocimientos y sabidur\u00eda el psiquiatra hol\u00edstico Javier \u00c1lvarez; la m\u00e9dico y psicoterapeuta Alejandra Menassa; el psic\u00f3logo Alejo Cabeza; la neurocient\u00edfica e investigadora Nazareth Castellanos; y el psiquiatra e investigador Javier Garc\u00eda Campayo.<\/p>\n<p><\/p>\n<p>Durante el evento se habl\u00f3 de c\u00f3mo muchas enfermedades est\u00e1n diagnosticadas como trastornos mentales y en realidad no deber\u00edan entrar en esta catalogaci\u00f3n. Tambi\u00e9n del gran impacto que tienen las emociones en el sistema inmune y viceversa.<\/p>\n<p><\/p>\n<p>Aunque parece incre\u00edble, prestar atenci\u00f3n a la respiraci\u00f3n en los procesos de\u00a0meditaci\u00f3n es un factor que puede contribuir al equilibrio mental, as\u00ed como una alimentaci\u00f3n adecuada y la pr\u00e1ctica de la espiritualidad, aunque sea desde una posici\u00f3n laica, sin un v\u00ednculo a un credo religioso.<\/p>\n<p><\/p>\n<p>Ya estamos preparando la pr\u00f3xima edici\u00f3n. Esperamos verte pronto.<\/p>\n<p><\/p>\t\t\t\t\t\t\t\t<\/div>\n\t\t\t\t<\/div>\n\t\t\t\t\t<\/div>\n\t\t<\/div>\n\t\t\t\t\t<\/div>\n\t\t<\/section>\n\t\t\t\t<\/div>\n\t\t","protected":false},"excerpt":{"rendered":"<p>Ya est\u00e1n disponibles los v\u00eddeos de la pasada edici\u00f3n del Encuentro online de m\u00e9dicos humanistas.<\/p>\n","protected":false},"author":6,"featured_media":10861,"comment_status":"open","ping_status":"open","sticky":false,"template":"","format":"standard","meta":{"footnotes":""},"categories":[23],"tags":[],"class_list":["post-9241","post","type-post","status-publish","format-standard","has-post-thumbnail","hentry","category-blog"],"yoast_head":"<!-- This site is optimized with the Yoast SEO plugin v26.8 - https:\/\/yoast.com\/product\/yoast-seo-wordpress\/ -->\n<title>Humanicemos la salud mental, un evento de Labo\u2019life que impulsa nuestra visi\u00f3n humanista de la medicina - Labo\u2019life<\/title>\n<meta name=\"robots\" content=\"index, follow, max-snippet:-1, max-image-preview:large, max-video-preview:-1\" \/>\n<link rel=\"canonical\" href=\"https:\/\/www.labolife.com\/es\/blog\/humanicemos-la-salud-mental-un-evento-de-labolife-que-impulsa-nuestra-vision-humanista-de-la-medicina\/\" \/>\n<meta property=\"og:locale\" content=\"es_ES\" \/>\n<meta property=\"og:type\" content=\"article\" \/>\n<meta property=\"og:title\" content=\"Humanicemos la salud mental, un evento de Labo\u2019life que impulsa nuestra visi\u00f3n humanista de la medicina - Labo\u2019life\" \/>\n<meta property=\"og:description\" content=\"Ya est\u00e1n disponibles los v\u00eddeos de la pasada edici\u00f3n del Encuentro online de m\u00e9dicos humanistas.\" \/>\n<meta property=\"og:url\" content=\"https:\/\/www.labolife.com\/es\/blog\/humanicemos-la-salud-mental-un-evento-de-labolife-que-impulsa-nuestra-vision-humanista-de-la-medicina\/\" \/>\n<meta property=\"og:site_name\" content=\"Labo\u2019life\" \/>\n<meta property=\"article:published_time\" content=\"2023-06-12T06:16:10+00:00\" \/>\n<meta property=\"article:modified_time\" content=\"2023-09-25T09:41:56+00:00\" \/>\n<meta property=\"og:image\" content=\"https:\/\/www.labolife.com\/wp-content\/uploads\/2023\/06\/Conversaciones-con-Hipocrates-1.png\" \/>\n\t<meta property=\"og:image:width\" content=\"1440\" \/>\n\t<meta property=\"og:image:height\" content=\"482\" \/>\n\t<meta property=\"og:image:type\" content=\"image\/png\" \/>\n<meta name=\"author\" content=\"Elena\" \/>\n<meta name=\"twitter:card\" content=\"summary_large_image\" \/>\n<meta name=\"twitter:label1\" content=\"Escrito por\" \/>\n\t<meta name=\"twitter:data1\" content=\"Elena\" \/>\n\t<meta name=\"twitter:label2\" content=\"Tiempo de lectura\" \/>\n\t<meta name=\"twitter:data2\" content=\"1 minuto\" \/>\n<script type=\"application\/ld+json\" class=\"yoast-schema-graph\">{\"@context\":\"https:\/\/schema.org\",\"@graph\":[{\"@type\":\"Article\",\"@id\":\"https:\/\/www.labolife.com\/es\/blog\/humanicemos-la-salud-mental-un-evento-de-labolife-que-impulsa-nuestra-vision-humanista-de-la-medicina\/#article\",\"isPartOf\":{\"@id\":\"https:\/\/www.labolife.com\/es\/blog\/humanicemos-la-salud-mental-un-evento-de-labolife-que-impulsa-nuestra-vision-humanista-de-la-medicina\/\"},\"author\":{\"name\":\"Elena\",\"@id\":\"https:\/\/www.labolife.com\/es\/#\/schema\/person\/424470d3c5fe76f6c542f05ef88cfd6b\"},\"headline\":\"Humanicemos la salud mental, un evento de Labo\u2019life que impulsa nuestra visi\u00f3n humanista de la medicina\",\"datePublished\":\"2023-06-12T06:16:10+00:00\",\"dateModified\":\"2023-09-25T09:41:56+00:00\",\"mainEntityOfPage\":{\"@id\":\"https:\/\/www.labolife.com\/es\/blog\/humanicemos-la-salud-mental-un-evento-de-labolife-que-impulsa-nuestra-vision-humanista-de-la-medicina\/\"},\"wordCount\":283,\"commentCount\":0,\"publisher\":{\"@id\":\"https:\/\/www.labolife.com\/es\/#organization\"},\"image\":{\"@id\":\"https:\/\/www.labolife.com\/es\/blog\/humanicemos-la-salud-mental-un-evento-de-labolife-que-impulsa-nuestra-vision-humanista-de-la-medicina\/#primaryimage\"},\"thumbnailUrl\":\"https:\/\/www.labolife.com\/wp-content\/uploads\/2023\/06\/Conversaciones-con-Hipocrates-1.png\",\"articleSection\":[\"Blog\"],\"inLanguage\":\"es\",\"potentialAction\":[{\"@type\":\"CommentAction\",\"name\":\"Comment\",\"target\":[\"https:\/\/www.labolife.com\/es\/blog\/humanicemos-la-salud-mental-un-evento-de-labolife-que-impulsa-nuestra-vision-humanista-de-la-medicina\/#respond\"]}]},{\"@type\":\"WebPage\",\"@id\":\"https:\/\/www.labolife.com\/es\/blog\/humanicemos-la-salud-mental-un-evento-de-labolife-que-impulsa-nuestra-vision-humanista-de-la-medicina\/\",\"url\":\"https:\/\/www.labolife.com\/es\/blog\/humanicemos-la-salud-mental-un-evento-de-labolife-que-impulsa-nuestra-vision-humanista-de-la-medicina\/\",\"name\":\"Humanicemos la salud mental, un evento de Labo\u2019life que impulsa nuestra visi\u00f3n humanista de la medicina - Labo\u2019life\",\"isPartOf\":{\"@id\":\"https:\/\/www.labolife.com\/es\/#website\"},\"primaryImageOfPage\":{\"@id\":\"https:\/\/www.labolife.com\/es\/blog\/humanicemos-la-salud-mental-un-evento-de-labolife-que-impulsa-nuestra-vision-humanista-de-la-medicina\/#primaryimage\"},\"image\":{\"@id\":\"https:\/\/www.labolife.com\/es\/blog\/humanicemos-la-salud-mental-un-evento-de-labolife-que-impulsa-nuestra-vision-humanista-de-la-medicina\/#primaryimage\"},\"thumbnailUrl\":\"https:\/\/www.labolife.com\/wp-content\/uploads\/2023\/06\/Conversaciones-con-Hipocrates-1.png\",\"datePublished\":\"2023-06-12T06:16:10+00:00\",\"dateModified\":\"2023-09-25T09:41:56+00:00\",\"breadcrumb\":{\"@id\":\"https:\/\/www.labolife.com\/es\/blog\/humanicemos-la-salud-mental-un-evento-de-labolife-que-impulsa-nuestra-vision-humanista-de-la-medicina\/#breadcrumb\"},\"inLanguage\":\"es\",\"potentialAction\":[{\"@type\":\"ReadAction\",\"target\":[\"https:\/\/www.labolife.com\/es\/blog\/humanicemos-la-salud-mental-un-evento-de-labolife-que-impulsa-nuestra-vision-humanista-de-la-medicina\/\"]}]},{\"@type\":\"ImageObject\",\"inLanguage\":\"es\",\"@id\":\"https:\/\/www.labolife.com\/es\/blog\/humanicemos-la-salud-mental-un-evento-de-labolife-que-impulsa-nuestra-vision-humanista-de-la-medicina\/#primaryimage\",\"url\":\"https:\/\/www.labolife.com\/wp-content\/uploads\/2023\/06\/Conversaciones-con-Hipocrates-1.png\",\"contentUrl\":\"https:\/\/www.labolife.com\/wp-content\/uploads\/2023\/06\/Conversaciones-con-Hipocrates-1.png\",\"width\":1440,\"height\":482},{\"@type\":\"BreadcrumbList\",\"@id\":\"https:\/\/www.labolife.com\/es\/blog\/humanicemos-la-salud-mental-un-evento-de-labolife-que-impulsa-nuestra-vision-humanista-de-la-medicina\/#breadcrumb\",\"itemListElement\":[{\"@type\":\"ListItem\",\"position\":1,\"name\":\"Portada\",\"item\":\"https:\/\/www.labolife.com\/es\/\"},{\"@type\":\"ListItem\",\"position\":2,\"name\":\"Blog\",\"item\":\"https:\/\/www.labolife.com\/es\/blog\/\"},{\"@type\":\"ListItem\",\"position\":3,\"name\":\"Humanicemos la salud mental, un evento de Labo\u2019life que impulsa nuestra visi\u00f3n humanista de la medicina\"}]},{\"@type\":\"WebSite\",\"@id\":\"https:\/\/www.labolife.com\/es\/#website\",\"url\":\"https:\/\/www.labolife.com\/es\/\",\"name\":\"Labo\u2019life\",\"description\":\"\",\"publisher\":{\"@id\":\"https:\/\/www.labolife.com\/es\/#organization\"},\"potentialAction\":[{\"@type\":\"SearchAction\",\"target\":{\"@type\":\"EntryPoint\",\"urlTemplate\":\"https:\/\/www.labolife.com\/es\/?s={search_term_string}\"},\"query-input\":{\"@type\":\"PropertyValueSpecification\",\"valueRequired\":true,\"valueName\":\"search_term_string\"}}],\"inLanguage\":\"es\"},{\"@type\":\"Organization\",\"@id\":\"https:\/\/www.labolife.com\/es\/#organization\",\"name\":\"Labo\u00b4Life\",\"url\":\"https:\/\/www.labolife.com\/es\/\",\"logo\":{\"@type\":\"ImageObject\",\"inLanguage\":\"es\",\"@id\":\"https:\/\/www.labolife.com\/es\/#\/schema\/logo\/image\/\",\"url\":\"https:\/\/www.labolife.com\/wp-content\/uploads\/2023\/11\/logo-labolife.png\",\"contentUrl\":\"https:\/\/www.labolife.com\/wp-content\/uploads\/2023\/11\/logo-labolife.png\",\"width\":1148,\"height\":200,\"caption\":\"Labo\u00b4Life\"},\"image\":{\"@id\":\"https:\/\/www.labolife.com\/es\/#\/schema\/logo\/image\/\"}},{\"@type\":\"Person\",\"@id\":\"https:\/\/www.labolife.com\/es\/#\/schema\/person\/424470d3c5fe76f6c542f05ef88cfd6b\",\"name\":\"Elena\",\"image\":{\"@type\":\"ImageObject\",\"inLanguage\":\"es\",\"@id\":\"https:\/\/www.labolife.com\/es\/#\/schema\/person\/image\/\",\"url\":\"https:\/\/secure.gravatar.com\/avatar\/57d8ecfa4500b05d4b096e2567f762c2b8007c4e4fc749f7dc558bd8c50bd8ca?s=96&d=mm&r=g\",\"contentUrl\":\"https:\/\/secure.gravatar.com\/avatar\/57d8ecfa4500b05d4b096e2567f762c2b8007c4e4fc749f7dc558bd8c50bd8ca?s=96&d=mm&r=g\",\"caption\":\"Elena\"},\"url\":\"https:\/\/www.labolife.com\/es\/author\/elena\/\"}]}<\/script>\n<!-- \/ Yoast SEO plugin. -->","yoast_head_json":{"title":"Humanicemos la salud mental, un evento de Labo\u2019life que impulsa nuestra visi\u00f3n humanista de la medicina - Labo\u2019life","robots":{"index":"index","follow":"follow","max-snippet":"max-snippet:-1","max-image-preview":"max-image-preview:large","max-video-preview":"max-video-preview:-1"},"canonical":"https:\/\/www.labolife.com\/es\/blog\/humanicemos-la-salud-mental-un-evento-de-labolife-que-impulsa-nuestra-vision-humanista-de-la-medicina\/","og_locale":"es_ES","og_type":"article","og_title":"Humanicemos la salud mental, un evento de Labo\u2019life que impulsa nuestra visi\u00f3n humanista de la medicina - Labo\u2019life","og_description":"Ya est\u00e1n disponibles los v\u00eddeos de la pasada edici\u00f3n del Encuentro online de m\u00e9dicos humanistas.","og_url":"https:\/\/www.labolife.com\/es\/blog\/humanicemos-la-salud-mental-un-evento-de-labolife-que-impulsa-nuestra-vision-humanista-de-la-medicina\/","og_site_name":"Labo\u2019life","article_published_time":"2023-06-12T06:16:10+00:00","article_modified_time":"2023-09-25T09:41:56+00:00","og_image":[{"width":1440,"height":482,"url":"https:\/\/www.labolife.com\/wp-content\/uploads\/2023\/06\/Conversaciones-con-Hipocrates-1.png","type":"image\/png"}],"author":"Elena","twitter_card":"summary_large_image","twitter_misc":{"Escrito por":"Elena","Tiempo de lectura":"1 minuto"},"schema":{"@context":"https:\/\/schema.org","@graph":[{"@type":"Article","@id":"https:\/\/www.labolife.com\/es\/blog\/humanicemos-la-salud-mental-un-evento-de-labolife-que-impulsa-nuestra-vision-humanista-de-la-medicina\/#article","isPartOf":{"@id":"https:\/\/www.labolife.com\/es\/blog\/humanicemos-la-salud-mental-un-evento-de-labolife-que-impulsa-nuestra-vision-humanista-de-la-medicina\/"},"author":{"name":"Elena","@id":"https:\/\/www.labolife.com\/es\/#\/schema\/person\/424470d3c5fe76f6c542f05ef88cfd6b"},"headline":"Humanicemos la salud mental, un evento de Labo\u2019life que impulsa nuestra visi\u00f3n humanista de la medicina","datePublished":"2023-06-12T06:16:10+00:00","dateModified":"2023-09-25T09:41:56+00:00","mainEntityOfPage":{"@id":"https:\/\/www.labolife.com\/es\/blog\/humanicemos-la-salud-mental-un-evento-de-labolife-que-impulsa-nuestra-vision-humanista-de-la-medicina\/"},"wordCount":283,"commentCount":0,"publisher":{"@id":"https:\/\/www.labolife.com\/es\/#organization"},"image":{"@id":"https:\/\/www.labolife.com\/es\/blog\/humanicemos-la-salud-mental-un-evento-de-labolife-que-impulsa-nuestra-vision-humanista-de-la-medicina\/#primaryimage"},"thumbnailUrl":"https:\/\/www.labolife.com\/wp-content\/uploads\/2023\/06\/Conversaciones-con-Hipocrates-1.png","articleSection":["Blog"],"inLanguage":"es","potentialAction":[{"@type":"CommentAction","name":"Comment","target":["https:\/\/www.labolife.com\/es\/blog\/humanicemos-la-salud-mental-un-evento-de-labolife-que-impulsa-nuestra-vision-humanista-de-la-medicina\/#respond"]}]},{"@type":"WebPage","@id":"https:\/\/www.labolife.com\/es\/blog\/humanicemos-la-salud-mental-un-evento-de-labolife-que-impulsa-nuestra-vision-humanista-de-la-medicina\/","url":"https:\/\/www.labolife.com\/es\/blog\/humanicemos-la-salud-mental-un-evento-de-labolife-que-impulsa-nuestra-vision-humanista-de-la-medicina\/","name":"Humanicemos la salud mental, un evento de Labo\u2019life que impulsa nuestra visi\u00f3n humanista de la medicina - Labo\u2019life","isPartOf":{"@id":"https:\/\/www.labolife.com\/es\/#website"},"primaryImageOfPage":{"@id":"https:\/\/www.labolife.com\/es\/blog\/humanicemos-la-salud-mental-un-evento-de-labolife-que-impulsa-nuestra-vision-humanista-de-la-medicina\/#primaryimage"},"image":{"@id":"https:\/\/www.labolife.com\/es\/blog\/humanicemos-la-salud-mental-un-evento-de-labolife-que-impulsa-nuestra-vision-humanista-de-la-medicina\/#primaryimage"},"thumbnailUrl":"https:\/\/www.labolife.com\/wp-content\/uploads\/2023\/06\/Conversaciones-con-Hipocrates-1.png","datePublished":"2023-06-12T06:16:10+00:00","dateModified":"2023-09-25T09:41:56+00:00","breadcrumb":{"@id":"https:\/\/www.labolife.com\/es\/blog\/humanicemos-la-salud-mental-un-evento-de-labolife-que-impulsa-nuestra-vision-humanista-de-la-medicina\/#breadcrumb"},"inLanguage":"es","potentialAction":[{"@type":"ReadAction","target":["https:\/\/www.labolife.com\/es\/blog\/humanicemos-la-salud-mental-un-evento-de-labolife-que-impulsa-nuestra-vision-humanista-de-la-medicina\/"]}]},{"@type":"ImageObject","inLanguage":"es","@id":"https:\/\/www.labolife.com\/es\/blog\/humanicemos-la-salud-mental-un-evento-de-labolife-que-impulsa-nuestra-vision-humanista-de-la-medicina\/#primaryimage","url":"https:\/\/www.labolife.com\/wp-content\/uploads\/2023\/06\/Conversaciones-con-Hipocrates-1.png","contentUrl":"https:\/\/www.labolife.com\/wp-content\/uploads\/2023\/06\/Conversaciones-con-Hipocrates-1.png","width":1440,"height":482},{"@type":"BreadcrumbList","@id":"https:\/\/www.labolife.com\/es\/blog\/humanicemos-la-salud-mental-un-evento-de-labolife-que-impulsa-nuestra-vision-humanista-de-la-medicina\/#breadcrumb","itemListElement":[{"@type":"ListItem","position":1,"name":"Portada","item":"https:\/\/www.labolife.com\/es\/"},{"@type":"ListItem","position":2,"name":"Blog","item":"https:\/\/www.labolife.com\/es\/blog\/"},{"@type":"ListItem","position":3,"name":"Humanicemos la salud mental, un evento de Labo\u2019life que impulsa nuestra visi\u00f3n humanista de la medicina"}]},{"@type":"WebSite","@id":"https:\/\/www.labolife.com\/es\/#website","url":"https:\/\/www.labolife.com\/es\/","name":"Labo\u2019life","description":"","publisher":{"@id":"https:\/\/www.labolife.com\/es\/#organization"},"potentialAction":[{"@type":"SearchAction","target":{"@type":"EntryPoint","urlTemplate":"https:\/\/www.labolife.com\/es\/?s={search_term_string}"},"query-input":{"@type":"PropertyValueSpecification","valueRequired":true,"valueName":"search_term_string"}}],"inLanguage":"es"},{"@type":"Organization","@id":"https:\/\/www.labolife.com\/es\/#organization","name":"Labo\u00b4Life","url":"https:\/\/www.labolife.com\/es\/","logo":{"@type":"ImageObject","inLanguage":"es","@id":"https:\/\/www.labolife.com\/es\/#\/schema\/logo\/image\/","url":"https:\/\/www.labolife.com\/wp-content\/uploads\/2023\/11\/logo-labolife.png","contentUrl":"https:\/\/www.labolife.com\/wp-content\/uploads\/2023\/11\/logo-labolife.png","width":1148,"height":200,"caption":"Labo\u00b4Life"},"image":{"@id":"https:\/\/www.labolife.com\/es\/#\/schema\/logo\/image\/"}},{"@type":"Person","@id":"https:\/\/www.labolife.com\/es\/#\/schema\/person\/424470d3c5fe76f6c542f05ef88cfd6b","name":"Elena","image":{"@type":"ImageObject","inLanguage":"es","@id":"https:\/\/www.labolife.com\/es\/#\/schema\/person\/image\/","url":"https:\/\/secure.gravatar.com\/avatar\/57d8ecfa4500b05d4b096e2567f762c2b8007c4e4fc749f7dc558bd8c50bd8ca?s=96&d=mm&r=g","contentUrl":"https:\/\/secure.gravatar.com\/avatar\/57d8ecfa4500b05d4b096e2567f762c2b8007c4e4fc749f7dc558bd8c50bd8ca?s=96&d=mm&r=g","caption":"Elena"},"url":"https:\/\/www.labolife.com\/es\/author\/elena\/"}]}},"_links":{"self":[{"href":"https:\/\/www.labolife.com\/es\/wp-json\/wp\/v2\/posts\/9241","targetHints":{"allow":["GET"]}}],"collection":[{"href":"https:\/\/www.labolife.com\/es\/wp-json\/wp\/v2\/posts"}],"about":[{"href":"https:\/\/www.labolife.com\/es\/wp-json\/wp\/v2\/types\/post"}],"author":[{"embeddable":true,"href":"https:\/\/www.labolife.com\/es\/wp-json\/wp\/v2\/users\/6"}],"replies":[{"embeddable":true,"href":"https:\/\/www.labolife.com\/es\/wp-json\/wp\/v2\/comments?post=9241"}],"version-history":[{"count":14,"href":"https:\/\/www.labolife.com\/es\/wp-json\/wp\/v2\/posts\/9241\/revisions"}],"predecessor-version":[{"id":10836,"href":"https:\/\/www.labolife.com\/es\/wp-json\/wp\/v2\/posts\/9241\/revisions\/10836"}],"wp:featuredmedia":[{"embeddable":true,"href":"https:\/\/www.labolife.com\/es\/wp-json\/wp\/v2\/media\/10861"}],"wp:attachment":[{"href":"https:\/\/www.labolife.com\/es\/wp-json\/wp\/v2\/media?parent=9241"}],"wp:term":[{"taxonomy":"category","embeddable":true,"href":"https:\/\/www.labolife.com\/es\/wp-json\/wp\/v2\/categories?post=9241"},{"taxonomy":"post_tag","embeddable":true,"href":"https:\/\/www.labolife.com\/es\/wp-json\/wp\/v2\/tags?post=9241"}],"curies":[{"name":"wp","href":"https:\/\/api.w.org\/{rel}","templated":true}]}}